{"id":8198,"date":"2024-12-06T14:56:55","date_gmt":"2024-12-06T13:56:55","guid":{"rendered":"https:\/\/avocat-lbv.com\/?p=8198"},"modified":"2025-04-22T11:18:43","modified_gmt":"2025-04-22T09:18:43","slug":"limplementazione-di-un-licenziamento-economico-individuale-o-collettivo-in-azienda","status":"publish","type":"post","link":"https:\/\/avocat-lbv.com\/it\/limplementazione-di-un-licenziamento-economico-individuale-o-collettivo-in-azienda\/","title":{"rendered":"L&#8217;Implementazione di un Licenziamento Economico Individuale o Collettivo in Azienda"},"content":{"rendered":"\n<p>Il licenziamento economico, sia esso individuale o collettivo, \u00e8 regolato da procedure rigorose che variano in base alla dimensione dell&#8217;azienda e al numero di licenziamenti previsti. In questo articolo, esamineremo le fasi e gli obblighi legali per l&#8217;implementazione di un licenziamento economico all&#8217;interno dell&#8217;azienda.<\/p>\n\n\n\n<p>Il licenziamento economico \u00e8 definito dall&#8217;articolo L. 1233-3 del Codice del Lavoro come un licenziamento effettuato da un datore di lavoro per uno o pi\u00f9 motivi non inerenti alla persona del lavoratore, derivanti da una soppressione o trasformazione del posto di lavoro o da una modifica, rifiutata dal lavoratore, di un elemento essenziale del contratto di lavoro, conseguente, in particolare, a:<\/p>\n\n\n\n<ul class=\"wp-block-list\">\n<li>difficolt\u00e0 economiche,<\/li>\n\n\n\n<li>mutazioni tecnologiche,<\/li>\n\n\n\n<li>una riorganizzazione dell&#8217;azienda necessaria a salvaguardare la sua competitivit\u00e0,<\/li>\n\n\n\n<li>o alla cessazione dell&#8217;attivit\u00e0 dell&#8217;azienda.<\/li>\n<\/ul>\n\n\n\n<p><strong>Il Licenziamento Economico Individuale<\/strong><\/p>\n\n\n\n<p>Quando il datore di lavoro intende procedere a un licenziamento economico individuale, deve rispettare i seguenti passaggi:<\/p>\n\n\n\n<p>\u2022 Convocazione del lavoratore a un incontro preliminare tramite lettera raccomandata con ricevuta di ritorno o consegna a mano contro ricevuta.<\/p>\n\n\n\n<p>\u2022 Incontro preliminare durante il quale il datore di lavoro espone le motivazioni economiche del licenziamento e raccoglie le spiegazioni del lavoratore.<\/p>\n\n\n\n<p>\u2022 Notifica del licenziamento tramite lettera raccomandata con ricevuta di ritorno, specificando le motivazioni economiche del licenziamento gi\u00e0 portate a conoscenza del lavoratore.<\/p>\n\n\n\n<p><strong>Il Licenziamento Economico Collettivo<\/strong><\/p>\n\n\n\n<p>La procedura per il licenziamento economico collettivo varia in base al numero di dipendenti coinvolti e alle dimensioni dell&#8217;azienda.<\/p>\n\n\n\n<p>Per le aziende con meno di 50 dipendenti, la procedura \u00e8 la seguente:<\/p>\n\n\n\n<p>\u2022 Consultazione dei rappresentanti dei lavoratori, se esistenti.<\/p>\n\n\n\n<p>\u2022 Informazione alla DREETS (Direzione regionale delle imprese, della concorrenza, del consumo, del lavoro e dell&#8217;occupazione).<\/p>\n\n\n\n<p>\u2022 Notifica individuale del licenziamento ai lavoratori interessati.<\/p>\n\n\n\n<p>Per le aziende con 50 dipendenti o pi\u00f9, la procedura \u00e8 pi\u00f9 complessa e include:<\/p>\n\n\n\n<p>\u2022 Consultazione del Comitato Sociale ed Economico (CSE) sul progetto di licenziamento collettivo.<\/p>\n\n\n\n<p>\u2022 Elaborazione di un Piano di Salvaguardia dell&#8217;Occupazione (PSO) se il licenziamento riguarda almeno 10 dipendenti in un periodo di 30 giorni.<\/p>\n\n\n\n<p>\u2022 Informazione e consultazione dei rappresentanti dei lavoratori sul piano.<\/p>\n\n\n\n<p>\u2022 Informazione alla DREETS.<\/p>\n\n\n\n<p>\u2022 Notifica individuale dei licenziamenti ai lavoratori interessati.<\/p>\n\n\n\n<p>La consultazione del CSE sul progetto di licenziamento collettivo \u00e8 obbligatoria prima di qualsiasi decisione nelle aziende con rappresentanti dei lavoratori. Il parere del CSE deve essere dato entro 30 giorni dalla sua convocazione.<\/p>\n\n\n\n<p>L&#8217;elaborazione di un Piano di Salvaguardia dell&#8217;Occupazione (PSO) \u00e8 obbligatoria per le aziende con 50 dipendenti o pi\u00f9 quando prevedono un licenziamento economico di almeno 10 dipendenti in un periodo di 30 giorni (C. trav., art. L. 1233-61), ma anche:<\/p>\n\n\n\n<p>\u2022 Quando l&#8217;azienda o l&#8217;ente ha effettuato per 3 mesi consecutivi licenziamenti economici di pi\u00f9 di 10 dipendenti in totale, senza raggiungere i 10 dipendenti in un periodo di 30 giorni, per ogni nuovo licenziamento economico previsto nei 3 mesi successivi (C. trav., art. L. 1233-26);<\/p>\n\n\n\n<p>\u2022 Quando l&#8217;azienda o l&#8217;ente ha effettuato pi\u00f9 di 18 licenziamenti economici durante un anno civile, per ogni nuovo licenziamento economico previsto nei 3 mesi successivi alla fine di quell&#8217;anno civile (C. trav., art. L. 1233-27);<\/p>\n\n\n\n<p>\u2022 Quando l&#8217;azienda, in stato di risanamento o liquidazione giudiziaria, \u00e8 sottoposta a un piano di cessione: il Codice civile prevede infatti la possibilit\u00e0 di licenziare parte del personale per facilitare questa cessione (C. com., art. L. 642-5) e il licenziamento \u00e8 quindi deciso per motivi economici.<\/p>\n\n\n\n<p>Il PSO comprende tutte le misure adottate dall&#8217;azienda per evitare i licenziamenti economici o limitarne il numero e per facilitare il ricollocamento dei dipendenti licenziati. Dettaglia in modo preciso, concreto e pertinente le misure che il datore di lavoro intende adottare: ricollocamento (interno o esterno), azioni volte a favorire la ripresa totale o parziale delle attivit\u00e0 al fine di evitare la chiusura di uno o pi\u00f9 stabilimenti, azioni di formazione, assistenza nella creazione o ripresa di un&#8217;attivit\u00e0, misure di riduzione dell&#8217;orario di lavoro. Queste misure rispettano il principio di uguaglianza tra i dipendenti.<\/p>\n\n\n\n<p>Il contenuto del PSO pu\u00f2 essere deciso secondo due modalit\u00e0 diverse. La prima consiste nella negoziazione di un accordo con i sindacati rappresentativi. In caso di mancato accordo, il datore di lavoro elaborer\u00e0 unilateralmente il PSO (documento unilaterale). Una volta adottato, il PSO vincola il datore di lavoro che dovr\u00e0 rispettare gli impegni presi.<\/p>\n\n\n\n<p>Il contenuto include: \u2022 Misure destinate a evitare o limitare il numero di licenziamenti \u2022 Misure destinate a facilitare il ricollocamento dei lavoratori i cui licenziamenti non possono essere evitati \u2022 Misure destinate a evitare la chiusura di uno o pi\u00f9 stabilimenti, ad esempio mediante il trasferimento di una o pi\u00f9 entit\u00e0 economiche<\/p>\n\n\n\n<p>Inoltre, il Contratto di Sicurezza Professionale (CSP) deve essere proposto nelle aziende con meno di 1.000 dipendenti e in tutte le aziende in stato di risanamento o liquidazione giudiziaria. Questo programma ha lo scopo di organizzare e attuare un percorso di reinserimento nel mercato del lavoro, che pu\u00f2 implicare una riconversione, la creazione o la ripresa di un&#8217;attivit\u00e0.<\/p>\n\n\n\n<p>I beneficiari del CSP sono i dipendenti con almeno 1 anno di anzianit\u00e0 (ma pu\u00f2 essere considerata un&#8217;anzianit\u00e0 inferiore) che non possono far valere i diritti a pensione a tasso pieno. Deve essere proposto individualmente a ciascun dipendente coinvolto. A tal fine, il datore di lavoro ritira un modulo CSP presso Francia Lavoro. Indica quindi il numero di licenziamenti previsti. Il documento viene consegnato al lavoratore durante l&#8217;incontro preliminare.<\/p>\n\n\n\n<p>Quando la procedura \u00e8 collettiva, il documento viene consegnato durante l&#8217;ultima riunione di consultazione con i rappresentanti dei lavoratori.<\/p>\n\n\n\n<p>Il lavoratore ha 21 giorni per rispondere all&#8217;offerta del CSP. In caso di mancata risposta entro il termine, si considera che abbia rifiutato la proposta. Se aderisce al CSP, il suo contratto di lavoro viene risolto al termine di questo periodo di 21 giorni. Il datore di lavoro dovr\u00e0 quindi corrispondere tutte le indennit\u00e0 previste in caso di cessazione, ad eccezione dell&#8217;indennit\u00e0 di preavviso. Il lavoratore licenziato diventer\u00e0 un tirocinante di formazione professionale. L&#8217;adesione al CSP non preclude il diritto di contestare il licenziamento entro 12 mesi.<\/p>\n\n\n\n<p>L&#8217;adesione del lavoratore al CSP comporta conseguenze sul contratto di lavoro. Infatti, alla fine del periodo di riflessione di 21 giorni, il contratto di lavoro viene risolto. In questo contesto, il lavoratore non \u00e8 tenuto a rispettare il preavviso. L&#8217;adesione al CSP non esonera il datore di lavoro dal notificare per iscritto il motivo economico alla base della cessazione del contratto di lavoro. Non appena il lavoratore ha accettato il CSP, il datore di lavoro informa immediatamente Francia Lavoro.<\/p>\n\n\n\n<p>I lavoratori protetti godono di una protezione particolare in caso di licenziamento economico. Il loro licenziamento richiede il parere del CSE e l&#8217;autorizzazione dell&#8217;ispettore del lavoro. In caso di liquidazione giudiziaria, l&#8217;Amministrazione deve tenere conto di tutti i mandati esterni detenuti dal lavoratore protetto.<\/p>\n\n\n\n<p>In caso di liquidazione giudiziaria, i lavoratori protetti beneficiano del pagamento delle indennit\u00e0 di licenziamento da parte dell&#8217;AGS (Associazione per la gestione del regime di garanzia delle credenziali dei lavoratori). La garanzia si attiva non appena il datore di lavoro, l&#8217;amministratore o il liquidatore manifesta l&#8217;intenzione di risolvere il contratto di lavoro, anche se il licenziamento non \u00e8 stato notificato per mancanza di autorizzazione dell&#8217;ispettore del lavoro.<\/p>\n\n\n\n<p>La notifica del licenziamento deve essere effettuata tramite lettera raccomandata con ricevuta di<\/p>\n\n\n\n<p>ritorno. La data di prima presentazione della lettera stabilisce l&#8217;inizio del periodo di preavviso, al termine del quale il contratto di lavoro sar\u00e0 definitivamente risolto.<\/p>\n\n\n\n<p>Si raccomanda vivamente di consultare un avvocato esperto in diritto del lavoro per garantire il rispetto delle procedure legali e per difendere i diritti dei lavoratori e del datore di lavoro. Un avvocato in diritto del lavoro fornir\u00e0 preziosi consigli e assistenza legale durante tutto il processo di licenziamento economico.<\/p>\n\n\n\n<p>Infatti, l&#8217;implementazione di un licenziamento economico, sia esso individuale o collettivo, richiede il rispetto di procedure rigorose e l&#8217;assistenza di un avvocato esperto in diritto del lavoro. Il mancato rispetto di queste procedure pu\u00f2 comportare sanzioni per il datore di lavoro e diritti aggiuntivi per i lavoratori licenziati.<\/p>\n\n\n\n<p>Lo studio legale LBV AVOCATI \u00e8 a vostra disposizione per assistervi nelle vostre procedure.<\/p>\n","protected":false},"excerpt":{"rendered":"<p>Il licenziamento economico, sia esso individuale o collettivo, \u00e8 regolato da procedure rigorose che variano in base alla dimensione dell&#8217;azienda e al numero di licenziamenti previsti. In questo articolo, esamineremo le fasi e gli obblighi legali per l&#8217;implementazione di un licenziamento economico all&#8217;interno dell&#8217;azienda. Il licenziamento economico \u00e8 definito dall&#8217;articolo L. 1233-3 del Codice del [&hellip;]<\/p>\n","protected":false},"author":6,"featured_media":8193,"comment_status":"closed","ping_status":"open","sticky":false,"template":"","format":"standard","meta":{"footnotes":""},"categories":[52],"tags":[],"class_list":["post-8198","post","type-post","status-publish","format-standard","has-post-thumbnail","hentry","category-diritto-del-lavoro"],"yoast_head":"<!-- This site is optimized with the Yoast SEO plugin v27.2 - https:\/\/yoast.com\/product\/yoast-seo-wordpress\/ -->\n<title>L&#039;Implementazione di un Licenziamento Economico Individuale o Collettivo in Azienda - LBV Avocat<\/title>\n<meta name=\"robots\" content=\"index, follow, max-snippet:-1, max-image-preview:large, max-video-preview:-1\" \/>\n<link rel=\"canonical\" href=\"https:\/\/avocat-lbv.com\/it\/limplementazione-di-un-licenziamento-economico-individuale-o-collettivo-in-azienda\/\" \/>\n<meta property=\"og:locale\" content=\"it_IT\" \/>\n<meta property=\"og:type\" content=\"article\" \/>\n<meta property=\"og:title\" content=\"L&#039;Implementazione di un Licenziamento Economico Individuale o Collettivo in Azienda - LBV Avocat\" \/>\n<meta property=\"og:description\" content=\"Il licenziamento economico, sia esso individuale o collettivo, \u00e8 regolato da procedure rigorose che variano in base alla dimensione dell&#8217;azienda e al numero di licenziamenti previsti. In questo articolo, esamineremo le fasi e gli obblighi legali per l&#8217;implementazione di un licenziamento economico all&#8217;interno dell&#8217;azienda. Il licenziamento economico \u00e8 definito dall&#8217;articolo L. 1233-3 del Codice del [&hellip;]\" \/>\n<meta property=\"og:url\" content=\"https:\/\/avocat-lbv.com\/it\/limplementazione-di-un-licenziamento-economico-individuale-o-collettivo-in-azienda\/\" \/>\n<meta property=\"og:site_name\" content=\"LBV Avocat\" \/>\n<meta property=\"article:publisher\" content=\"https:\/\/www.facebook.com\/avocatLBV\/\" \/>\n<meta property=\"article:published_time\" content=\"2024-12-06T13:56:55+00:00\" \/>\n<meta property=\"article:modified_time\" content=\"2025-04-22T09:18:43+00:00\" \/>\n<meta property=\"og:image\" content=\"https:\/\/avocat-lbv.com\/wp-content\/uploads\/2024\/12\/licenciement-eco.png\" \/>\n\t<meta property=\"og:image:width\" content=\"1024\" \/>\n\t<meta property=\"og:image:height\" content=\"1024\" \/>\n\t<meta property=\"og:image:type\" content=\"image\/png\" \/>\n<meta name=\"author\" content=\"Marie Yschard\" \/>\n<meta name=\"twitter:card\" content=\"summary_large_image\" \/>\n<meta name=\"twitter:creator\" content=\"@CabinetLBV\" \/>\n<meta name=\"twitter:site\" content=\"@CabinetLBV\" \/>\n<meta name=\"twitter:label1\" content=\"Scritto da\" \/>\n\t<meta name=\"twitter:data1\" content=\"Marie Yschard\" \/>\n\t<meta name=\"twitter:label2\" content=\"Tempo di lettura stimato\" \/>\n\t<meta name=\"twitter:data2\" content=\"7 minuti\" \/>\n<script type=\"application\/ld+json\" class=\"yoast-schema-graph\">{\"@context\":\"https:\/\/schema.org\",\"@graph\":[{\"@type\":\"Article\",\"@id\":\"https:\/\/avocat-lbv.com\/it\/limplementazione-di-un-licenziamento-economico-individuale-o-collettivo-in-azienda\/#article\",\"isPartOf\":{\"@id\":\"https:\/\/avocat-lbv.com\/it\/limplementazione-di-un-licenziamento-economico-individuale-o-collettivo-in-azienda\/\"},\"author\":{\"name\":\"Marie Yschard\",\"@id\":\"https:\/\/avocat-lbv.com\/#\/schema\/person\/2f3b6684168cfcb9f03ee458ea019e66\"},\"headline\":\"L&#8217;Implementazione di un Licenziamento Economico Individuale o Collettivo in Azienda\",\"datePublished\":\"2024-12-06T13:56:55+00:00\",\"dateModified\":\"2025-04-22T09:18:43+00:00\",\"mainEntityOfPage\":{\"@id\":\"https:\/\/avocat-lbv.com\/it\/limplementazione-di-un-licenziamento-economico-individuale-o-collettivo-in-azienda\/\"},\"wordCount\":1328,\"publisher\":{\"@id\":\"https:\/\/avocat-lbv.com\/#organization\"},\"image\":{\"@id\":\"https:\/\/avocat-lbv.com\/it\/limplementazione-di-un-licenziamento-economico-individuale-o-collettivo-in-azienda\/#primaryimage\"},\"thumbnailUrl\":\"https:\/\/avocat-lbv.com\/wp-content\/uploads\/2024\/12\/licenciement-eco.png\",\"articleSection\":[\"Diritto del lavoro\"],\"inLanguage\":\"it-IT\"},{\"@type\":\"WebPage\",\"@id\":\"https:\/\/avocat-lbv.com\/it\/limplementazione-di-un-licenziamento-economico-individuale-o-collettivo-in-azienda\/\",\"url\":\"https:\/\/avocat-lbv.com\/it\/limplementazione-di-un-licenziamento-economico-individuale-o-collettivo-in-azienda\/\",\"name\":\"L'Implementazione di un Licenziamento Economico Individuale o Collettivo in Azienda - LBV Avocat\",\"isPartOf\":{\"@id\":\"https:\/\/avocat-lbv.com\/#website\"},\"primaryImageOfPage\":{\"@id\":\"https:\/\/avocat-lbv.com\/it\/limplementazione-di-un-licenziamento-economico-individuale-o-collettivo-in-azienda\/#primaryimage\"},\"image\":{\"@id\":\"https:\/\/avocat-lbv.com\/it\/limplementazione-di-un-licenziamento-economico-individuale-o-collettivo-in-azienda\/#primaryimage\"},\"thumbnailUrl\":\"https:\/\/avocat-lbv.com\/wp-content\/uploads\/2024\/12\/licenciement-eco.png\",\"datePublished\":\"2024-12-06T13:56:55+00:00\",\"dateModified\":\"2025-04-22T09:18:43+00:00\",\"breadcrumb\":{\"@id\":\"https:\/\/avocat-lbv.com\/it\/limplementazione-di-un-licenziamento-economico-individuale-o-collettivo-in-azienda\/#breadcrumb\"},\"inLanguage\":\"it-IT\",\"potentialAction\":[{\"@type\":\"ReadAction\",\"target\":[\"https:\/\/avocat-lbv.com\/it\/limplementazione-di-un-licenziamento-economico-individuale-o-collettivo-in-azienda\/\"]}]},{\"@type\":\"ImageObject\",\"inLanguage\":\"it-IT\",\"@id\":\"https:\/\/avocat-lbv.com\/it\/limplementazione-di-un-licenziamento-economico-individuale-o-collettivo-in-azienda\/#primaryimage\",\"url\":\"https:\/\/avocat-lbv.com\/wp-content\/uploads\/2024\/12\/licenciement-eco.png\",\"contentUrl\":\"https:\/\/avocat-lbv.com\/wp-content\/uploads\/2024\/12\/licenciement-eco.png\",\"width\":1024,\"height\":1024},{\"@type\":\"BreadcrumbList\",\"@id\":\"https:\/\/avocat-lbv.com\/it\/limplementazione-di-un-licenziamento-economico-individuale-o-collettivo-in-azienda\/#breadcrumb\",\"itemListElement\":[{\"@type\":\"ListItem\",\"position\":1,\"name\":\"Accueil\",\"item\":\"https:\/\/avocat-lbv.com\/it\/cabinet-davocat\/\"},{\"@type\":\"ListItem\",\"position\":2,\"name\":\"L&rsquo;Implementazione di un Licenziamento Economico Individuale o Collettivo in Azienda\"}]},{\"@type\":\"WebSite\",\"@id\":\"https:\/\/avocat-lbv.com\/#website\",\"url\":\"https:\/\/avocat-lbv.com\/\",\"name\":\"LBV Avocat\",\"description\":\"\",\"publisher\":{\"@id\":\"https:\/\/avocat-lbv.com\/#organization\"},\"potentialAction\":[{\"@type\":\"SearchAction\",\"target\":{\"@type\":\"EntryPoint\",\"urlTemplate\":\"https:\/\/avocat-lbv.com\/?s={search_term_string}\"},\"query-input\":{\"@type\":\"PropertyValueSpecification\",\"valueRequired\":true,\"valueName\":\"search_term_string\"}}],\"inLanguage\":\"it-IT\"},{\"@type\":\"Organization\",\"@id\":\"https:\/\/avocat-lbv.com\/#organization\",\"name\":\"LBV Avocat\",\"url\":\"https:\/\/avocat-lbv.com\/\",\"logo\":{\"@type\":\"ImageObject\",\"inLanguage\":\"it-IT\",\"@id\":\"https:\/\/avocat-lbv.com\/#\/schema\/logo\/image\/\",\"url\":\"https:\/\/avocat-lbv.com\/wp-content\/uploads\/2019\/04\/logo-blanc.svg\",\"contentUrl\":\"https:\/\/avocat-lbv.com\/wp-content\/uploads\/2019\/04\/logo-blanc.svg\",\"width\":227,\"height\":52,\"caption\":\"LBV Avocat\"},\"image\":{\"@id\":\"https:\/\/avocat-lbv.com\/#\/schema\/logo\/image\/\"},\"sameAs\":[\"https:\/\/www.facebook.com\/avocatLBV\/\",\"https:\/\/x.com\/CabinetLBV\"]},{\"@type\":\"Person\",\"@id\":\"https:\/\/avocat-lbv.com\/#\/schema\/person\/2f3b6684168cfcb9f03ee458ea019e66\",\"name\":\"Marie Yschard\",\"image\":{\"@type\":\"ImageObject\",\"inLanguage\":\"it-IT\",\"@id\":\"https:\/\/secure.gravatar.com\/avatar\/40a2273ae2137e67941efe20b43a4c05dd0d75d73a9d1b3accea254fbbfdc357?s=96&d=mm&r=g\",\"url\":\"https:\/\/secure.gravatar.com\/avatar\/40a2273ae2137e67941efe20b43a4c05dd0d75d73a9d1b3accea254fbbfdc357?s=96&d=mm&r=g\",\"contentUrl\":\"https:\/\/secure.gravatar.com\/avatar\/40a2273ae2137e67941efe20b43a4c05dd0d75d73a9d1b3accea254fbbfdc357?s=96&d=mm&r=g\",\"caption\":\"Marie Yschard\"}}]}<\/script>\n<!-- \/ Yoast SEO plugin. -->","yoast_head_json":{"title":"L'Implementazione di un Licenziamento Economico Individuale o Collettivo in Azienda - LBV Avocat","robots":{"index":"index","follow":"follow","max-snippet":"max-snippet:-1","max-image-preview":"max-image-preview:large","max-video-preview":"max-video-preview:-1"},"canonical":"https:\/\/avocat-lbv.com\/it\/limplementazione-di-un-licenziamento-economico-individuale-o-collettivo-in-azienda\/","og_locale":"it_IT","og_type":"article","og_title":"L'Implementazione di un Licenziamento Economico Individuale o Collettivo in Azienda - LBV Avocat","og_description":"Il licenziamento economico, sia esso individuale o collettivo, \u00e8 regolato da procedure rigorose che variano in base alla dimensione dell&#8217;azienda e al numero di licenziamenti previsti. In questo articolo, esamineremo le fasi e gli obblighi legali per l&#8217;implementazione di un licenziamento economico all&#8217;interno dell&#8217;azienda. Il licenziamento economico \u00e8 definito dall&#8217;articolo L. 1233-3 del Codice del [&hellip;]","og_url":"https:\/\/avocat-lbv.com\/it\/limplementazione-di-un-licenziamento-economico-individuale-o-collettivo-in-azienda\/","og_site_name":"LBV Avocat","article_publisher":"https:\/\/www.facebook.com\/avocatLBV\/","article_published_time":"2024-12-06T13:56:55+00:00","article_modified_time":"2025-04-22T09:18:43+00:00","og_image":[{"width":1024,"height":1024,"url":"https:\/\/avocat-lbv.com\/wp-content\/uploads\/2024\/12\/licenciement-eco.png","type":"image\/png"}],"author":"Marie Yschard","twitter_card":"summary_large_image","twitter_creator":"@CabinetLBV","twitter_site":"@CabinetLBV","twitter_misc":{"Scritto da":"Marie Yschard","Tempo di lettura stimato":"7 minuti"},"schema":{"@context":"https:\/\/schema.org","@graph":[{"@type":"Article","@id":"https:\/\/avocat-lbv.com\/it\/limplementazione-di-un-licenziamento-economico-individuale-o-collettivo-in-azienda\/#article","isPartOf":{"@id":"https:\/\/avocat-lbv.com\/it\/limplementazione-di-un-licenziamento-economico-individuale-o-collettivo-in-azienda\/"},"author":{"name":"Marie Yschard","@id":"https:\/\/avocat-lbv.com\/#\/schema\/person\/2f3b6684168cfcb9f03ee458ea019e66"},"headline":"L&#8217;Implementazione di un Licenziamento Economico Individuale o Collettivo in Azienda","datePublished":"2024-12-06T13:56:55+00:00","dateModified":"2025-04-22T09:18:43+00:00","mainEntityOfPage":{"@id":"https:\/\/avocat-lbv.com\/it\/limplementazione-di-un-licenziamento-economico-individuale-o-collettivo-in-azienda\/"},"wordCount":1328,"publisher":{"@id":"https:\/\/avocat-lbv.com\/#organization"},"image":{"@id":"https:\/\/avocat-lbv.com\/it\/limplementazione-di-un-licenziamento-economico-individuale-o-collettivo-in-azienda\/#primaryimage"},"thumbnailUrl":"https:\/\/avocat-lbv.com\/wp-content\/uploads\/2024\/12\/licenciement-eco.png","articleSection":["Diritto del lavoro"],"inLanguage":"it-IT"},{"@type":"WebPage","@id":"https:\/\/avocat-lbv.com\/it\/limplementazione-di-un-licenziamento-economico-individuale-o-collettivo-in-azienda\/","url":"https:\/\/avocat-lbv.com\/it\/limplementazione-di-un-licenziamento-economico-individuale-o-collettivo-in-azienda\/","name":"L'Implementazione di un Licenziamento Economico Individuale o Collettivo in Azienda - LBV Avocat","isPartOf":{"@id":"https:\/\/avocat-lbv.com\/#website"},"primaryImageOfPage":{"@id":"https:\/\/avocat-lbv.com\/it\/limplementazione-di-un-licenziamento-economico-individuale-o-collettivo-in-azienda\/#primaryimage"},"image":{"@id":"https:\/\/avocat-lbv.com\/it\/limplementazione-di-un-licenziamento-economico-individuale-o-collettivo-in-azienda\/#primaryimage"},"thumbnailUrl":"https:\/\/avocat-lbv.com\/wp-content\/uploads\/2024\/12\/licenciement-eco.png","datePublished":"2024-12-06T13:56:55+00:00","dateModified":"2025-04-22T09:18:43+00:00","breadcrumb":{"@id":"https:\/\/avocat-lbv.com\/it\/limplementazione-di-un-licenziamento-economico-individuale-o-collettivo-in-azienda\/#breadcrumb"},"inLanguage":"it-IT","potentialAction":[{"@type":"ReadAction","target":["https:\/\/avocat-lbv.com\/it\/limplementazione-di-un-licenziamento-economico-individuale-o-collettivo-in-azienda\/"]}]},{"@type":"ImageObject","inLanguage":"it-IT","@id":"https:\/\/avocat-lbv.com\/it\/limplementazione-di-un-licenziamento-economico-individuale-o-collettivo-in-azienda\/#primaryimage","url":"https:\/\/avocat-lbv.com\/wp-content\/uploads\/2024\/12\/licenciement-eco.png","contentUrl":"https:\/\/avocat-lbv.com\/wp-content\/uploads\/2024\/12\/licenciement-eco.png","width":1024,"height":1024},{"@type":"BreadcrumbList","@id":"https:\/\/avocat-lbv.com\/it\/limplementazione-di-un-licenziamento-economico-individuale-o-collettivo-in-azienda\/#breadcrumb","itemListElement":[{"@type":"ListItem","position":1,"name":"Accueil","item":"https:\/\/avocat-lbv.com\/it\/cabinet-davocat\/"},{"@type":"ListItem","position":2,"name":"L&rsquo;Implementazione di un Licenziamento Economico Individuale o Collettivo in Azienda"}]},{"@type":"WebSite","@id":"https:\/\/avocat-lbv.com\/#website","url":"https:\/\/avocat-lbv.com\/","name":"LBV Avocat","description":"","publisher":{"@id":"https:\/\/avocat-lbv.com\/#organization"},"potentialAction":[{"@type":"SearchAction","target":{"@type":"EntryPoint","urlTemplate":"https:\/\/avocat-lbv.com\/?s={search_term_string}"},"query-input":{"@type":"PropertyValueSpecification","valueRequired":true,"valueName":"search_term_string"}}],"inLanguage":"it-IT"},{"@type":"Organization","@id":"https:\/\/avocat-lbv.com\/#organization","name":"LBV Avocat","url":"https:\/\/avocat-lbv.com\/","logo":{"@type":"ImageObject","inLanguage":"it-IT","@id":"https:\/\/avocat-lbv.com\/#\/schema\/logo\/image\/","url":"https:\/\/avocat-lbv.com\/wp-content\/uploads\/2019\/04\/logo-blanc.svg","contentUrl":"https:\/\/avocat-lbv.com\/wp-content\/uploads\/2019\/04\/logo-blanc.svg","width":227,"height":52,"caption":"LBV Avocat"},"image":{"@id":"https:\/\/avocat-lbv.com\/#\/schema\/logo\/image\/"},"sameAs":["https:\/\/www.facebook.com\/avocatLBV\/","https:\/\/x.com\/CabinetLBV"]},{"@type":"Person","@id":"https:\/\/avocat-lbv.com\/#\/schema\/person\/2f3b6684168cfcb9f03ee458ea019e66","name":"Marie Yschard","image":{"@type":"ImageObject","inLanguage":"it-IT","@id":"https:\/\/secure.gravatar.com\/avatar\/40a2273ae2137e67941efe20b43a4c05dd0d75d73a9d1b3accea254fbbfdc357?s=96&d=mm&r=g","url":"https:\/\/secure.gravatar.com\/avatar\/40a2273ae2137e67941efe20b43a4c05dd0d75d73a9d1b3accea254fbbfdc357?s=96&d=mm&r=g","contentUrl":"https:\/\/secure.gravatar.com\/avatar\/40a2273ae2137e67941efe20b43a4c05dd0d75d73a9d1b3accea254fbbfdc357?s=96&d=mm&r=g","caption":"Marie Yschard"}}]}},"featured_image_src":"https:\/\/avocat-lbv.com\/wp-content\/uploads\/2024\/12\/licenciement-eco.png","featured_image_src_square":"https:\/\/avocat-lbv.com\/wp-content\/uploads\/2024\/12\/licenciement-eco.png","author_info":{"display_name":"Marie Yschard","author_link":"https:\/\/avocat-lbv.com\/it\/author\/myschard\/"},"_links":{"self":[{"href":"https:\/\/avocat-lbv.com\/it\/wp-json\/wp\/v2\/posts\/8198","targetHints":{"allow":["GET"]}}],"collection":[{"href":"https:\/\/avocat-lbv.com\/it\/wp-json\/wp\/v2\/posts"}],"about":[{"href":"https:\/\/avocat-lbv.com\/it\/wp-json\/wp\/v2\/types\/post"}],"author":[{"embeddable":true,"href":"https:\/\/avocat-lbv.com\/it\/wp-json\/wp\/v2\/users\/6"}],"replies":[{"embeddable":true,"href":"https:\/\/avocat-lbv.com\/it\/wp-json\/wp\/v2\/comments?post=8198"}],"version-history":[{"count":1,"href":"https:\/\/avocat-lbv.com\/it\/wp-json\/wp\/v2\/posts\/8198\/revisions"}],"predecessor-version":[{"id":8199,"href":"https:\/\/avocat-lbv.com\/it\/wp-json\/wp\/v2\/posts\/8198\/revisions\/8199"}],"wp:featuredmedia":[{"embeddable":true,"href":"https:\/\/avocat-lbv.com\/it\/wp-json\/wp\/v2\/media\/8193"}],"wp:attachment":[{"href":"https:\/\/avocat-lbv.com\/it\/wp-json\/wp\/v2\/media?parent=8198"}],"wp:term":[{"taxonomy":"category","embeddable":true,"href":"https:\/\/avocat-lbv.com\/it\/wp-json\/wp\/v2\/categories?post=8198"},{"taxonomy":"post_tag","embeddable":true,"href":"https:\/\/avocat-lbv.com\/it\/wp-json\/wp\/v2\/tags?post=8198"}],"curies":[{"name":"wp","href":"https:\/\/api.w.org\/{rel}","templated":true}]}}